{"id":30459,"date":"2016-05-08T21:18:08","date_gmt":"2016-05-09T01:18:08","guid":{"rendered":"https:\/\/encuentroalsur.com\/?p=30459"},"modified":"2016-05-08T21:21:30","modified_gmt":"2016-05-09T01:21:30","slug":"propulsan-ley-sobre-ubicacion-de-antenas-de-telecomunicaciones","status":"publish","type":"post","link":"https:\/\/encuentroalsur.com\/?p=30459","title":{"rendered":"Propulsan ley sobre ubicaci\u00f3n de antenas de telecomunicaciones"},"content":{"rendered":"<p>Comunicado de Prensa<\/p>\n<p>Portavoces del Frente de Comunidades Contra La Proliferaci\u00f3n de Antenas ocupan desde horas de la ma\u00f1ana las oficinas del Senador Ram\u00f3n Luis Nieves. Los l\u00edderes comunitarios reclaman al senador la celebraci\u00f3n de una vista p\u00fablica sobre el Proyecto del Senado 1535, bajo la consideraci\u00f3n de la Comisi\u00f3n de Banca, Seguros y Telecomunicaciones que preside Nieves. El Proyecto del Senado 1535 fue presentado por petici\u00f3n ciudadana en diciembre de 2015 y tiene como co \u2013 autores a los senadores Mar\u00eda de Lourdes Santiago y Cirilo Tirado. De ser aprobado, crear\u00eda la &#8220;Ley de Seguridad Ciudadana sobre la Construcci\u00f3n, Instalaci\u00f3n y Ubicaci\u00f3n de Torres de Telecomunicaciones de Puerto Rico&#8221;.<\/p>\n<p>&#8220;Estamos aqu\u00ed luego de a\u00f1os de lucha en los que hemos enfrentado los atropellos, burlas e injusticias en contra de nuestras comunidades por parte de las empresas de telecomunicaciones y agencias como la Oficina de Gerencia de Permisos (OGPe). Las empresas constructoras de torres de antenas llegan a nuestras comunidades como ladrones en la noche, violentando reglamentaciones y leyes, desde la impunidad que garantizan sus millones. Sin consulta a la comunidad, sin notificaci\u00f3n a colindantes, con permisos obtenidos de manera fraudulenta, deprecian el valor de nuestras propiedades y ponen en riesgo la seguridad de nuestras familias\u201d, expres\u00f3 Glenda Rivera Col\u00f3n, portavoz de la comunidad Las Guavas de Bayam\u00f3n.<\/p>\n<p>Seg\u00fan los manifestantes, la ley actual que regula la construcci\u00f3n, instalaci\u00f3n y ubicaci\u00f3n de torres de telecomunicaciones en Puerto Rico y los reglamentos de la Oficina de Gerencia de Permisos no favore un balance de intereses entre las comunidades, el gobierno y las empresas. \u201cTenemos casos como el del barrio Sonador de San Sebasti\u00e1n donde los vecinos han gastado decenas de miles de d\u00f3lares en procesos judiciales. El Tribunal Supremo dictamin\u00f3 que la ubicaci\u00f3n de la torre de antenas de la empresa QMC Telecom era ilegal, y en vez de ordenarse su remoci\u00f3n, la Oficina de Gerencia de Permisos otorg\u00f3 a la empresa la opci\u00f3n de un proceso de permiso nuevo. En Sabana Grande la empresa Wise Towers construye un proyecto a pies de distancia del \u00fanico suministro de agua potable de la comunidad Arenas y en el h\u00e1bitat de una especie en peligro de extinci\u00f3n. En La Margarita de Salinas la compa\u00f1\u00eda Wireless Solution construy\u00f3 una torre en el cauce del r\u00edo Nigua que bordea la comunidad. En la comunidad Las Guavas de Bayam\u00f3n, as\u00ed como en Sabana Llana de Juana D\u00edaz, Corchado de Isabela y Borinquen en Caguas, las empresas y la OGPe han violentado lo establecido en la ley actual sobre coubicaci\u00f3n, aprobando nuevos proyectos dentro del radio de una milla de torres existentes. En todos los casos la constante ha sido que las empresas someten informaci\u00f3n falsa a las agencias para la obtenci\u00f3n de permisos y endosos, sin ninguna consecuencia\u201d, puntualiz\u00f3 V\u00edctor Pastrana, de la comunidad Sonador en San Sebasti\u00e1n.<\/p>\n<p>\u201cPresentamos el Proyecto del Senado 1535 en diciembre pasado. Ciudadanos de nuestras comunidades realizaron llamadas a la oficina de Ram\u00f3n Luis Nieves, colectaron firmas en apoyo al proyecto, inclusive sostuvimos una reuni\u00f3n con el senador. Lo que hemos recibido de su parte son excusas para que el proyecto no se discuta. Nos preguntamos, \u00bfa qui\u00e9nes no le conviene la discusi\u00f3n p\u00fablica de este proyecto? \u00bfPor cu\u00e1les intereses vela el senador Nieves y el Senado de Puerto Rico? Reclamamos a Ram\u00f3n Luis Nieves y al presidente del Senado Eduardo Bathia que nos digan si est\u00e1n de parte de las comunidades pobres y envejecidas o de parte de los grandes intereses que representan las empresas constructoras de torres. De aqu\u00ed no nos vamos sin una fecha para la celebraci\u00f3n de vista p\u00fablica sobre el proyecto del Senado 1535\u201d, finaliz\u00f3 Wilson Rivera, portavoz del frente de comunidades.<\/p>\n<p><a href=\"https:\/\/i0.wp.com\/encuentroalsur.com\/wp-content\/uploads\/2016\/05\/oficina-senador-ramon.jpg\"><img data-recalc-dims=\"1\" loading=\"lazy\" decoding=\"async\" data-attachment-id=\"30460\" data-permalink=\"https:\/\/encuentroalsur.com\/?attachment_id=30460\" data-orig-file=\"https:\/\/i0.wp.com\/encuentroalsur.com\/wp-content\/uploads\/2016\/05\/oficina-senador-ramon.jpg?fit=800%2C480&amp;ssl=1\" data-orig-size=\"800,480\" data-comments-opened=\"1\" data-image-meta=\"{&quot;aperture&quot;:&quot;0&quot;,&quot;credit&quot;:&quot;&quot;,&quot;camera&quot;:&quot;&quot;,&quot;caption&quot;:&quot;&quot;,&quot;created_timestamp&quot;:&quot;0&quot;,&quot;copyright&quot;:&quot;&quot;,&quot;focal_length&quot;:&quot;0&quot;,&quot;iso&quot;:&quot;0&quot;,&quot;shutter_speed&quot;:&quot;0&quot;,&quot;title&quot;:&quot;&quot;,&quot;orientation&quot;:&quot;0&quot;}\" data-image-title=\"oficina senador ramon\" data-image-description=\"\" data-image-caption=\"&lt;p&gt;oficina senador ramon&lt;\/p&gt;\n\" data-large-file=\"https:\/\/i0.wp.com\/encuentroalsur.com\/wp-content\/uploads\/2016\/05\/oficina-senador-ramon.jpg?fit=616%2C370&amp;ssl=1\" class=\"alignnone size-full wp-image-30460\" src=\"https:\/\/i0.wp.com\/encuentroalsur.com\/wp-content\/uploads\/2016\/05\/oficina-senador-ramon.jpg?resize=616%2C370&#038;ssl=1\" alt=\"\" width=\"616\" height=\"370\" \/><\/a><\/p>\n","protected":false},"excerpt":{"rendered":"<p>Comunicado de Prensa Portavoces del Frente de Comunidades Contra La Proliferaci\u00f3n de Antenas ocupan desde horas de la ma\u00f1ana las oficinas del Senador Ram\u00f3n Luis Nieves. Los l\u00edderes comunitarios reclaman al senador la celebraci\u00f3n de una vista p\u00fablica sobre el Proyecto del Senado 1535, bajo la consideraci\u00f3n de la Comisi\u00f3n de Banca, Seguros y Telecomunicaciones [&hellip;]<\/p>\n","protected":false},"author":5533328,"featured_media":0,"comment_status":"open","ping_status":"open","sticky":false,"template":"","format":"standard","meta":{"_coblocks_attr":"","_coblocks_dimensions":"","_coblocks_responsive_height":"","_coblocks_accordion_ie_support":"","_crdt_document":"","advanced_seo_description":"","jetpack_seo_html_title":"","jetpack_seo_noindex":false,"_jetpack_newsletter_access":"","_jetpack_dont_email_post_to_subs":false,"_jetpack_newsletter_tier_id":0,"_jetpack_memberships_contains_paywalled_content":false,"_jetpack_memberships_contains_paid_content":false,"footnotes":"","jetpack_publicize_message":"","jetpack_publicize_feature_enabled":true,"jetpack_social_post_already_shared":false,"jetpack_social_options":{"image_generator_settings":{"template":"highway","default_image_id":0,"font":"","enabled":false},"version":2},"_wpas_customize_per_network":false,"jetpack_post_was_ever_published":false},"categories":[18233741,14157008],"tags":[214297363,1895503],"class_list":["post-30459","post","type-post","status-publish","format-standard","hentry","category-enredos-legales","category-situacion-ambiental","tag-antenas-de-microondas","tag-contaminacion-electromagnetica","has-post-thumbnail","fallback-thumbnail"],"jetpack_publicize_connections":[],"jetpack_featured_media_url":"","jetpack_likes_enabled":true,"jetpack_sharing_enabled":true,"jetpack_shortlink":"https:\/\/wp.me\/pmbkf-7Vh","amp_enabled":true,"_links":{"self":[{"href":"https:\/\/encuentroalsur.com\/index.php?rest_route=\/wp\/v2\/posts\/30459","targetHints":{"allow":["GET"]}}],"collection":[{"href":"https:\/\/encuentroalsur.com\/index.php?rest_route=\/wp\/v2\/posts"}],"about":[{"href":"https:\/\/encuentroalsur.com\/index.php?rest_route=\/wp\/v2\/types\/post"}],"author":[{"embeddable":true,"href":"https:\/\/encuentroalsur.com\/index.php?rest_route=\/wp\/v2\/users\/5533328"}],"replies":[{"embeddable":true,"href":"https:\/\/encuentroalsur.com\/index.php?rest_route=%2Fwp%2Fv2%2Fcomments&post=30459"}],"version-history":[{"count":3,"href":"https:\/\/encuentroalsur.com\/index.php?rest_route=\/wp\/v2\/posts\/30459\/revisions"}],"predecessor-version":[{"id":30463,"href":"https:\/\/encuentroalsur.com\/index.php?rest_route=\/wp\/v2\/posts\/30459\/revisions\/30463"}],"wp:attachment":[{"href":"https:\/\/encuentroalsur.com\/index.php?rest_route=%2Fwp%2Fv2%2Fmedia&parent=30459"}],"wp:term":[{"taxonomy":"category","embeddable":true,"href":"https:\/\/encuentroalsur.com\/index.php?rest_route=%2Fwp%2Fv2%2Fcategories&post=30459"},{"taxonomy":"post_tag","embeddable":true,"href":"https:\/\/encuentroalsur.com\/index.php?rest_route=%2Fwp%2Fv2%2Ftags&post=30459"}],"curies":[{"name":"wp","href":"https:\/\/api.w.org\/{rel}","templated":true}]}}