{"id":40221,"date":"2026-03-05T15:47:36","date_gmt":"2026-03-05T19:47:36","guid":{"rendered":"https:\/\/encuentroalsur.com\/?p=40221"},"modified":"2026-03-05T15:47:36","modified_gmt":"2026-03-05T19:47:36","slug":"insisten-en-creacion-de-la-reserva-natural-abey-en-salinas","status":"publish","type":"post","link":"https:\/\/encuentroalsur.com\/?p=40221","title":{"rendered":"Insisten en creaci\u00f3n de la Reserva Natural Abey en Salinas"},"content":{"rendered":"\n<p class=\"wp-block-paragraph\">COMUNICADO DE PRENSA<\/p>\n\n\n\n<p class=\"wp-block-paragraph\">Enviado por V\u00edctor Alvarado Guzm\u00e1n<\/p>\n\n\n\n<p class=\"wp-block-paragraph\"><strong>Insisten en creaci\u00f3n de la Reserva Natural Abey en Salinas<\/strong><\/p>\n\n\n\n<p class=\"wp-block-paragraph\"><em>Grupos comunitarios, organizaciones ambientales y l\u00edderes legislativos advirtieron sobre la urgencia de proteger \u00e1rea ecol\u00f3gica, ante nuevas maniobras de la empresa Clasiofertas dirigidas a impulsar proyectos de construcci\u00f3n en la zona<\/em><\/p>\n\n\n\n<p class=\"wp-block-paragraph\"><em>Salinas, Puerto Rico. 15 de febrero de 2026<\/em>&nbsp;&#8211; Organizaciones ambientales y comunitarias reiteraron el llamado a proteger los terrenos ubicados a la entrada de la zona tur\u00edstica costera del municipio de Salinas mediante la designaci\u00f3n de la Reserva Natural Abey, luego de que trascendieran nuevas maniobras de la empresa Clasiofertas, due\u00f1a del predio, para desarrollar el \u00e1rea.<\/p>\n\n\n\n<p class=\"wp-block-paragraph\">El coordinador del Comit\u00e9 Di\u00e1logo Ambiental, V\u00edctor Alvarado Guzm\u00e1n, se\u00f1al\u00f3 que la posible reactivaci\u00f3n de propuestas de construcci\u00f3n evidencia la necesidad de establecer protecciones permanentes para el lugar.<\/p>\n\n\n\n<p class=\"wp-block-paragraph\">\u201cEl \u00e1rea propuesta como reserva natural comprende aproximadamente 109,571 metros cuadrados de terreno donde se ubican un bosque, un humedal, yacimientos arqueol\u00f3gicos y parte del acu\u00edfero del sur. Ante nuevas iniciativas de desarrollo, resulta urgente formalizar su designaci\u00f3n como reserva natural para garantizar la conservaci\u00f3n de estos recursos y proteger a las comunidades colindantes\u201d, expres\u00f3 Alvarado.<\/p>\n\n\n\n<p class=\"wp-block-paragraph\">Las comunidades de Villa Cofres\u00ed, Villa Esperanza y la urbanizaci\u00f3n La Margarita colindan directamente con estos terrenos, clasificados como Suelo R\u00fastico Especialmente Protegido (SREP) en el Plan de Usos de Terrenos, categor\u00eda que limita su transformaci\u00f3n a usos urbanos.<\/p>\n\n\n\n<p class=\"wp-block-paragraph\">Seg\u00fan el l\u00edder ambiental, hace unos a\u00f1os se logr\u00f3 revocar un permiso incorrectamente otorgado por el Departamento de Recursos Naturales y Ambientales (DRNA) a Clasiofertas para destruir parte del bosque del \u00e1rea. Sin embargo, residentes de la zona denunciaron posteriormente que maquinaria pesada tal\u00f3 y tritur\u00f3 \u00e1rboles en el \u00e1rea sin contar con los permisos correspondientes. No obstante, las querellas y reclamos presentados ante el DRNA no prosperaron.<\/p>\n\n\n\n<p class=\"wp-block-paragraph\">Ante esta situaci\u00f3n, la representante Adriana Guti\u00e9rrez Col\u00f3n (PIP) present\u00f3 el pasado a\u00f1o el Proyecto de la C\u00e1mara 753 (PC 753), dirigido a viabilizar la designaci\u00f3n del \u00e1rea como Reserva Natural Abey de Salinas &#8220;como medida de atender el reclamo ciudadano y prevenir impactos ambientales irreversibles y los riesgos ambientales y sociales asociados a intervenciones inadecuadas en ecosistemas sensibles. La pol\u00edtica p\u00fablica debe priorizar la conservaci\u00f3n, la seguridad ciudadana y el desarrollo sostenible\u201d, afirm\u00f3 la legisladora.<\/p>\n\n\n\n<p class=\"wp-block-paragraph\">Por su parte, la presidenta de la Asociaci\u00f3n de Residentes de La Margarita, Wanda R\u00edos Colorado, reiter\u00f3 el respaldo de la comunidad a la designaci\u00f3n de la reserva, destacando su impacto directo en la seguridad y el bienestar de los residentes.<\/p>\n\n\n\n<figure class=\"wp-block-image size-large\"><img data-recalc-dims=\"1\" loading=\"lazy\" decoding=\"async\" width=\"616\" height=\"277\" data-attachment-id=\"40225\" data-permalink=\"https:\/\/encuentroalsur.com\/?attachment_id=40225\" data-orig-file=\"https:\/\/i0.wp.com\/encuentroalsur.com\/wp-content\/uploads\/2026\/02\/Bosque-Abey-1.jpg?fit=4032%2C1816&amp;ssl=1\" data-orig-size=\"4032,1816\" data-comments-opened=\"1\" data-image-meta=\"{&quot;aperture&quot;:&quot;2.2&quot;,&quot;credit&quot;:&quot;&quot;,&quot;camera&quot;:&quot;SM-N981U&quot;,&quot;caption&quot;:&quot;&quot;,&quot;created_timestamp&quot;:&quot;1693823843&quot;,&quot;copyright&quot;:&quot;&quot;,&quot;focal_length&quot;:&quot;2.2&quot;,&quot;iso&quot;:&quot;50&quot;,&quot;shutter_speed&quot;:&quot;0.00078616352201258&quot;,&quot;title&quot;:&quot;&quot;,&quot;orientation&quot;:&quot;1&quot;}\" data-image-title=\"Bosque Abey 1\" data-image-description=\"\" data-image-caption=\"\" data-large-file=\"https:\/\/i0.wp.com\/encuentroalsur.com\/wp-content\/uploads\/2026\/02\/Bosque-Abey-1.jpg?fit=616%2C277&amp;ssl=1\" src=\"https:\/\/i0.wp.com\/encuentroalsur.com\/wp-content\/uploads\/2026\/02\/Bosque-Abey-1.jpg?resize=616%2C277&#038;ssl=1\" alt=\"\" class=\"wp-image-40225\" srcset=\"https:\/\/i0.wp.com\/encuentroalsur.com\/wp-content\/uploads\/2026\/02\/Bosque-Abey-1.jpg?resize=1024%2C461&amp;ssl=1 1024w, https:\/\/i0.wp.com\/encuentroalsur.com\/wp-content\/uploads\/2026\/02\/Bosque-Abey-1.jpg?resize=300%2C135&amp;ssl=1 300w, https:\/\/i0.wp.com\/encuentroalsur.com\/wp-content\/uploads\/2026\/02\/Bosque-Abey-1.jpg?resize=150%2C68&amp;ssl=1 150w, https:\/\/i0.wp.com\/encuentroalsur.com\/wp-content\/uploads\/2026\/02\/Bosque-Abey-1.jpg?resize=768%2C346&amp;ssl=1 768w, https:\/\/i0.wp.com\/encuentroalsur.com\/wp-content\/uploads\/2026\/02\/Bosque-Abey-1.jpg?resize=1536%2C692&amp;ssl=1 1536w, https:\/\/i0.wp.com\/encuentroalsur.com\/wp-content\/uploads\/2026\/02\/Bosque-Abey-1.jpg?resize=2048%2C922&amp;ssl=1 2048w, https:\/\/i0.wp.com\/encuentroalsur.com\/wp-content\/uploads\/2026\/02\/Bosque-Abey-1.jpg?resize=1200%2C540&amp;ssl=1 1200w, https:\/\/i0.wp.com\/encuentroalsur.com\/wp-content\/uploads\/2026\/02\/Bosque-Abey-1.jpg?resize=816%2C368&amp;ssl=1 816w, https:\/\/i0.wp.com\/encuentroalsur.com\/wp-content\/uploads\/2026\/02\/Bosque-Abey-1.jpg?resize=178%2C80&amp;ssl=1 178w, https:\/\/i0.wp.com\/encuentroalsur.com\/wp-content\/uploads\/2026\/02\/Bosque-Abey-1.jpg?w=1848&amp;ssl=1 1848w\" sizes=\"auto, (max-width: 616px) 100vw, 616px\" \/><\/figure>\n\n\n\n<p class=\"wp-block-paragraph\">\u201cIndependientemente de si insisten o no en construir en esos terrenos, respaldamos el Proyecto de la C\u00e1mara 753 porque se trata de un espacio de gran importancia ecol\u00f3gica y cultural para nuestro municipio. Su designaci\u00f3n como Reserva Natural no solo protege recursos valiosos, sino que fortalece la seguridad y la calidad de vida de las comunidades cercanas\u201d, sostuvo R\u00edos Colorado.<\/p>\n\n\n\n<p class=\"wp-block-paragraph\">Seg\u00fan explic\u00f3, en estos terrenos se han identificado yacimientos arqueol\u00f3gicos de periodos precolombinos, lo que les confiere un valor patrimonial significativo. Adem\u00e1s, el \u00e1rea alberga humedales que cumplen funciones esenciales en el manejo natural del agua, particularmente durante lluvias intensas y crecidas asociadas al r\u00edo Nigua, contribuyendo a la retenci\u00f3n de escorrent\u00edas, la recarga del acu\u00edfero y la estabilidad del terreno.<\/p>\n\n\n\n<p class=\"wp-block-paragraph\">La l\u00edder comunitaria advirti\u00f3 que la alteraci\u00f3n o impermeabilizaci\u00f3n del suelo podr\u00eda modificar los patrones naturales de drenaje y aumentar el riesgo de inundaciones en sectores cercanos.<\/p>\n\n\n\n<p class=\"wp-block-paragraph\">\u201cPara nuestra comunidad, la protecci\u00f3n de estos terrenos representa una medida de prevenci\u00f3n y seguridad. Los residentes conocemos de primera mano los efectos de las inundaciones, por lo que cualquier intervenci\u00f3n debe considerar responsablemente sus impactos ambientales y sociales\u201d, a\u00f1adi\u00f3.<\/p>\n\n\n\n<p class=\"wp-block-paragraph\">Las organizaciones ambientales y comunitarias insistieron en que la designaci\u00f3n de la Reserva Natural Abey constituye una acci\u00f3n necesaria para salvaguardar recursos ecol\u00f3gicos, patrimonio hist\u00f3rico y la seguridad de las comunidades ante posibles desarrollos futuros.<\/p>\n\n\n\n<p class=\"wp-block-paragraph\"><\/p>\n","protected":false},"excerpt":{"rendered":"<p>COMUNICADO DE PRENSA Enviado por V\u00edctor Alvarado Guzm\u00e1n Insisten en creaci\u00f3n de la Reserva Natural Abey en Salinas Grupos comunitarios, organizaciones ambientales y l\u00edderes legislativos advirtieron sobre la urgencia de proteger \u00e1rea ecol\u00f3gica, ante nuevas maniobras de la empresa Clasiofertas dirigidas a impulsar proyectos de construcci\u00f3n en la zona Salinas, Puerto Rico. 15 de febrero [&hellip;]<\/p>\n","protected":false},"author":5533328,"featured_media":40229,"comment_status":"open","ping_status":"open","sticky":false,"template":"","format":"standard","meta":{"_coblocks_attr":"","_coblocks_dimensions":"","_coblocks_responsive_height":"","_coblocks_accordion_ie_support":"","_crdt_document":"","advanced_seo_description":"","jetpack_seo_html_title":"","jetpack_seo_noindex":false,"_jetpack_newsletter_access":"","_jetpack_dont_email_post_to_subs":false,"_jetpack_newsletter_tier_id":0,"_jetpack_memberships_contains_paywalled_content":false,"_jetpack_memberships_contains_paid_content":false,"footnotes":"","jetpack_publicize_message":"","jetpack_publicize_feature_enabled":true,"jetpack_social_post_already_shared":true,"jetpack_social_options":{"image_generator_settings":{"template":"highway","default_image_id":0,"font":"","enabled":false},"version":2},"_wpas_customize_per_network":false,"jetpack_post_was_ever_published":false},"categories":[14157008],"tags":[],"class_list":{"0":"post-40221","1":"post","2":"type-post","3":"status-publish","4":"format-standard","5":"has-post-thumbnail","6":"hentry","7":"category-situacion-ambiental","9":"fallback-thumbnail"},"jetpack_publicize_connections":[],"jetpack_featured_media_url":"https:\/\/i0.wp.com\/encuentroalsur.com\/wp-content\/uploads\/2026\/02\/Bosque-Abey-2-1.jpg?fit=818%2C768&ssl=1","jetpack_likes_enabled":true,"jetpack_sharing_enabled":true,"jetpack_shortlink":"https:\/\/wp.me\/pmbkf-asJ","amp_enabled":true,"_links":{"self":[{"href":"https:\/\/encuentroalsur.com\/index.php?rest_route=\/wp\/v2\/posts\/40221","targetHints":{"allow":["GET"]}}],"collection":[{"href":"https:\/\/encuentroalsur.com\/index.php?rest_route=\/wp\/v2\/posts"}],"about":[{"href":"https:\/\/encuentroalsur.com\/index.php?rest_route=\/wp\/v2\/types\/post"}],"author":[{"embeddable":true,"href":"https:\/\/encuentroalsur.com\/index.php?rest_route=\/wp\/v2\/users\/5533328"}],"replies":[{"embeddable":true,"href":"https:\/\/encuentroalsur.com\/index.php?rest_route=%2Fwp%2Fv2%2Fcomments&post=40221"}],"version-history":[{"count":8,"href":"https:\/\/encuentroalsur.com\/index.php?rest_route=\/wp\/v2\/posts\/40221\/revisions"}],"predecessor-version":[{"id":40232,"href":"https:\/\/encuentroalsur.com\/index.php?rest_route=\/wp\/v2\/posts\/40221\/revisions\/40232"}],"wp:featuredmedia":[{"embeddable":true,"href":"https:\/\/encuentroalsur.com\/index.php?rest_route=\/wp\/v2\/media\/40229"}],"wp:attachment":[{"href":"https:\/\/encuentroalsur.com\/index.php?rest_route=%2Fwp%2Fv2%2Fmedia&parent=40221"}],"wp:term":[{"taxonomy":"category","embeddable":true,"href":"https:\/\/encuentroalsur.com\/index.php?rest_route=%2Fwp%2Fv2%2Fcategories&post=40221"},{"taxonomy":"post_tag","embeddable":true,"href":"https:\/\/encuentroalsur.com\/index.php?rest_route=%2Fwp%2Fv2%2Ftags&post=40221"}],"curies":[{"name":"wp","href":"https:\/\/api.w.org\/{rel}","templated":true}]}}